{"id":6727,"date":"2017-12-13T14:15:22","date_gmt":"2017-12-13T12:15:22","guid":{"rendered":"http:\/\/www.elraco.com\/aceitunas-kalamata-las-perlas-negras-de-grecia\/"},"modified":"2017-12-13T14:15:22","modified_gmt":"2017-12-13T12:15:22","slug":"aceitunas-kalamata-las-perlas-negras-de-grecia","status":"publish","type":"post","link":"https:\/\/www.elraco.com\/es\/aceitunas-kalamata-las-perlas-negras-de-grecia\/","title":{"rendered":"Aceitunas kalamata, las perlas negras de Grecia"},"content":{"rendered":"<p>En la periferia del Peloponeso, al suroeste de Grecia, se halla la ciudad de Kalamata. Esta tierra es la cuna del kalamatianos, una de las danzas griegas m\u00e1s populares, y tambi\u00e9n la tierra de origen de unas aceitunas negras que se han convertido en uno de los productos m\u00e1s conocidos del pa\u00eds heleno.<\/p>\n<p>De sabor dulce, forma almendrada y textura carnosa, las aceitunas kalamata cuentan con denominaci\u00f3n de origen protegida y una merecida fama.<\/p>\n<p>Su color es morado oscuro, aunque esta tonalidad puede variar seg\u00fan se conserven en sal, en aceite o en vinagre de vino. El aceite griego suele elaborarse con este tipo de aceitunas \u2014y tambi\u00e9n con las koroneiki\u2014, pero casi todo el mundo las reconoce por ser el toque de color en la ensalada griega. Tambi\u00e9n se utilizan para la olivada o pat\u00e9 de aceitunas, una f\u00f3rmula perfecta para disfrutar de su sabor al natural y que permite incre\u00edbles combinaciones&#8230; \u00bfQu\u00e9 tal untada en una tostada con queso griego? \u00bfO para dar un toque especial a una carne o un pescado a la brasa?<\/p>\n<p>Nosotros, sin embargo, preferimos servirlas solas, como aperitivo, para que puedas disfrutar de su sabor dulce y afrutado mientras esperas el plato fuerte o mientras conversas delante de una copa de vino. \u00a1Esta s\u00ed que es una buena combinaci\u00f3n!<\/p>\n<p>Ya hemos hablado algunas veces de los beneficios de las aceitunas, pero merece la pena recordar que tienen un importante valor nutricional y que no aportan m\u00e1s de 250 kilocalor\u00edas por cada 100 g. As\u00ed pues, \u00a1no renuncies a estos peque\u00f1\u00edsimos placeres del Mediterr\u00e1neo!<\/p>\n","protected":false},"excerpt":{"rendered":"<p>En la periferia del Peloponeso, al suroeste de Grecia, se halla la ciudad de Kalamata. Esta tierra es la cuna del kalamatianos, una de las danzas griegas m\u00e1s populares, y tambi\u00e9n la tierra de origen de unas aceitunas negras que se han convertido en uno de los productos m\u00e1s conocidos del pa\u00eds heleno. De sabor&hellip;<\/p>\n","protected":false},"author":5,"featured_media":5419,"comment_status":"closed","ping_status":"closed","sticky":false,"template":"","format":"standard","meta":{"footnotes":""},"categories":[112],"tags":[],"class_list":["post-6727","post","type-post","status-publish","format-standard","has-post-thumbnail","hentry","category-comida","category-112","description-off"],"yoast_head":"<!-- This site is optimized with the Yoast SEO plugin v27.0 - https:\/\/yoast.com\/product\/yoast-seo-wordpress\/ -->\n<title>Aceitunas kalamata, las perlas negras de Grecia - El Rac\u00f3<\/title>\n<meta name=\"robots\" content=\"index, follow, max-snippet:-1, max-image-preview:large, max-video-preview:-1\" \/>\n<link rel=\"canonical\" href=\"https:\/\/www.elraco.com\/es\/aceitunas-kalamata-las-perlas-negras-de-grecia\/\" \/>\n<meta property=\"og:locale\" content=\"es_ES\" \/>\n<meta property=\"og:type\" content=\"article\" \/>\n<meta property=\"og:title\" content=\"Aceitunas kalamata, las perlas negras de Grecia - El Rac\u00f3\" \/>\n<meta property=\"og:description\" content=\"En la periferia del Peloponeso, al suroeste de Grecia, se halla la ciudad de Kalamata. Esta tierra es la cuna del kalamatianos, una de las danzas griegas m\u00e1s populares, y tambi\u00e9n la tierra de origen de unas aceitunas negras que se han convertido en uno de los productos m\u00e1s conocidos del pa\u00eds heleno. De sabor&hellip;\" \/>\n<meta property=\"og:url\" content=\"https:\/\/www.elraco.com\/es\/aceitunas-kalamata-las-perlas-negras-de-grecia\/\" \/>\n<meta property=\"og:site_name\" content=\"El Rac\u00f3\" \/>\n<meta property=\"article:published_time\" content=\"2017-12-13T12:15:22+00:00\" \/>\n<meta property=\"og:image\" content=\"https:\/\/www.elraco.com\/wp-content\/uploads\/2017\/06\/kalamata.jpg\" \/>\n\t<meta property=\"og:image:width\" content=\"1006\" \/>\n\t<meta property=\"og:image:height\" content=\"864\" \/>\n\t<meta property=\"og:image:type\" content=\"image\/jpeg\" \/>\n<meta name=\"author\" content=\"El Rac\u00f3\" \/>\n<meta name=\"twitter:label1\" content=\"Escrito por\" \/>\n\t<meta name=\"twitter:data1\" content=\"El Rac\u00f3\" \/>\n\t<meta name=\"twitter:label2\" content=\"Tiempo de lectura\" \/>\n\t<meta name=\"twitter:data2\" content=\"1 minuto\" \/>\n<script type=\"application\/ld+json\" class=\"yoast-schema-graph\">{\"@context\":\"https:\/\/schema.org\",\"@graph\":[{\"@type\":\"Article\",\"@id\":\"https:\/\/www.elraco.com\/es\/aceitunas-kalamata-las-perlas-negras-de-grecia\/#article\",\"isPartOf\":{\"@id\":\"https:\/\/www.elraco.com\/es\/aceitunas-kalamata-las-perlas-negras-de-grecia\/\"},\"author\":{\"name\":\"El Rac\u00f3\",\"@id\":\"https:\/\/www.elraco.com\/#\/schema\/person\/be7c99ee4a9bfe842e19c47ff90fb3ce\"},\"headline\":\"Aceitunas kalamata, las perlas negras de Grecia\",\"datePublished\":\"2017-12-13T12:15:22+00:00\",\"mainEntityOfPage\":{\"@id\":\"https:\/\/www.elraco.com\/es\/aceitunas-kalamata-las-perlas-negras-de-grecia\/\"},\"wordCount\":280,\"image\":{\"@id\":\"https:\/\/www.elraco.com\/es\/aceitunas-kalamata-las-perlas-negras-de-grecia\/#primaryimage\"},\"thumbnailUrl\":\"https:\/\/www.elraco.com\/wp-content\/uploads\/2017\/06\/kalamata.jpg\",\"articleSection\":[\"Comida\"],\"inLanguage\":\"es\"},{\"@type\":\"WebPage\",\"@id\":\"https:\/\/www.elraco.com\/es\/aceitunas-kalamata-las-perlas-negras-de-grecia\/\",\"url\":\"https:\/\/www.elraco.com\/es\/aceitunas-kalamata-las-perlas-negras-de-grecia\/\",\"name\":\"Aceitunas kalamata, las perlas negras de Grecia - El Rac\u00f3\",\"isPartOf\":{\"@id\":\"https:\/\/www.elraco.com\/#website\"},\"primaryImageOfPage\":{\"@id\":\"https:\/\/www.elraco.com\/es\/aceitunas-kalamata-las-perlas-negras-de-grecia\/#primaryimage\"},\"image\":{\"@id\":\"https:\/\/www.elraco.com\/es\/aceitunas-kalamata-las-perlas-negras-de-grecia\/#primaryimage\"},\"thumbnailUrl\":\"https:\/\/www.elraco.com\/wp-content\/uploads\/2017\/06\/kalamata.jpg\",\"datePublished\":\"2017-12-13T12:15:22+00:00\",\"author\":{\"@id\":\"https:\/\/www.elraco.com\/#\/schema\/person\/be7c99ee4a9bfe842e19c47ff90fb3ce\"},\"inLanguage\":\"es\",\"potentialAction\":[{\"@type\":\"ReadAction\",\"target\":[\"https:\/\/www.elraco.com\/es\/aceitunas-kalamata-las-perlas-negras-de-grecia\/\"]}]},{\"@type\":\"ImageObject\",\"inLanguage\":\"es\",\"@id\":\"https:\/\/www.elraco.com\/es\/aceitunas-kalamata-las-perlas-negras-de-grecia\/#primaryimage\",\"url\":\"https:\/\/www.elraco.com\/wp-content\/uploads\/2017\/06\/kalamata.jpg\",\"contentUrl\":\"https:\/\/www.elraco.com\/wp-content\/uploads\/2017\/06\/kalamata.jpg\",\"width\":1006,\"height\":864},{\"@type\":\"WebSite\",\"@id\":\"https:\/\/www.elraco.com\/#website\",\"url\":\"https:\/\/www.elraco.com\/\",\"name\":\"El Rac\u00f3\",\"description\":\"\",\"potentialAction\":[{\"@type\":\"SearchAction\",\"target\":{\"@type\":\"EntryPoint\",\"urlTemplate\":\"https:\/\/www.elraco.com\/?s={search_term_string}\"},\"query-input\":{\"@type\":\"PropertyValueSpecification\",\"valueRequired\":true,\"valueName\":\"search_term_string\"}}],\"inLanguage\":\"es\"},{\"@type\":\"Person\",\"@id\":\"https:\/\/www.elraco.com\/#\/schema\/person\/be7c99ee4a9bfe842e19c47ff90fb3ce\",\"name\":\"El Rac\u00f3\",\"image\":{\"@type\":\"ImageObject\",\"inLanguage\":\"es\",\"@id\":\"https:\/\/www.elraco.com\/#\/schema\/person\/image\/\",\"url\":\"https:\/\/secure.gravatar.com\/avatar\/1176cd7e0a6dea792a53619725ab1e518ab449441b6332b18f0cc3caf7820417?s=96&d=mm&r=g\",\"contentUrl\":\"https:\/\/secure.gravatar.com\/avatar\/1176cd7e0a6dea792a53619725ab1e518ab449441b6332b18f0cc3caf7820417?s=96&d=mm&r=g\",\"caption\":\"El Rac\u00f3\"},\"url\":\"https:\/\/www.elraco.com\/es\/author\/informatica\/\"}]}<\/script>\n<!-- \/ Yoast SEO plugin. -->","yoast_head_json":{"title":"Aceitunas kalamata, las perlas negras de Grecia - El Rac\u00f3","robots":{"index":"index","follow":"follow","max-snippet":"max-snippet:-1","max-image-preview":"max-image-preview:large","max-video-preview":"max-video-preview:-1"},"canonical":"https:\/\/www.elraco.com\/es\/aceitunas-kalamata-las-perlas-negras-de-grecia\/","og_locale":"es_ES","og_type":"article","og_title":"Aceitunas kalamata, las perlas negras de Grecia - El Rac\u00f3","og_description":"En la periferia del Peloponeso, al suroeste de Grecia, se halla la ciudad de Kalamata. Esta tierra es la cuna del kalamatianos, una de las danzas griegas m\u00e1s populares, y tambi\u00e9n la tierra de origen de unas aceitunas negras que se han convertido en uno de los productos m\u00e1s conocidos del pa\u00eds heleno. De sabor&hellip;","og_url":"https:\/\/www.elraco.com\/es\/aceitunas-kalamata-las-perlas-negras-de-grecia\/","og_site_name":"El Rac\u00f3","article_published_time":"2017-12-13T12:15:22+00:00","og_image":[{"width":1006,"height":864,"url":"https:\/\/www.elraco.com\/wp-content\/uploads\/2017\/06\/kalamata.jpg","type":"image\/jpeg"}],"author":"El Rac\u00f3","twitter_misc":{"Escrito por":"El Rac\u00f3","Tiempo de lectura":"1 minuto"},"schema":{"@context":"https:\/\/schema.org","@graph":[{"@type":"Article","@id":"https:\/\/www.elraco.com\/es\/aceitunas-kalamata-las-perlas-negras-de-grecia\/#article","isPartOf":{"@id":"https:\/\/www.elraco.com\/es\/aceitunas-kalamata-las-perlas-negras-de-grecia\/"},"author":{"name":"El Rac\u00f3","@id":"https:\/\/www.elraco.com\/#\/schema\/person\/be7c99ee4a9bfe842e19c47ff90fb3ce"},"headline":"Aceitunas kalamata, las perlas negras de Grecia","datePublished":"2017-12-13T12:15:22+00:00","mainEntityOfPage":{"@id":"https:\/\/www.elraco.com\/es\/aceitunas-kalamata-las-perlas-negras-de-grecia\/"},"wordCount":280,"image":{"@id":"https:\/\/www.elraco.com\/es\/aceitunas-kalamata-las-perlas-negras-de-grecia\/#primaryimage"},"thumbnailUrl":"https:\/\/www.elraco.com\/wp-content\/uploads\/2017\/06\/kalamata.jpg","articleSection":["Comida"],"inLanguage":"es"},{"@type":"WebPage","@id":"https:\/\/www.elraco.com\/es\/aceitunas-kalamata-las-perlas-negras-de-grecia\/","url":"https:\/\/www.elraco.com\/es\/aceitunas-kalamata-las-perlas-negras-de-grecia\/","name":"Aceitunas kalamata, las perlas negras de Grecia - El Rac\u00f3","isPartOf":{"@id":"https:\/\/www.elraco.com\/#website"},"primaryImageOfPage":{"@id":"https:\/\/www.elraco.com\/es\/aceitunas-kalamata-las-perlas-negras-de-grecia\/#primaryimage"},"image":{"@id":"https:\/\/www.elraco.com\/es\/aceitunas-kalamata-las-perlas-negras-de-grecia\/#primaryimage"},"thumbnailUrl":"https:\/\/www.elraco.com\/wp-content\/uploads\/2017\/06\/kalamata.jpg","datePublished":"2017-12-13T12:15:22+00:00","author":{"@id":"https:\/\/www.elraco.com\/#\/schema\/person\/be7c99ee4a9bfe842e19c47ff90fb3ce"},"inLanguage":"es","potentialAction":[{"@type":"ReadAction","target":["https:\/\/www.elraco.com\/es\/aceitunas-kalamata-las-perlas-negras-de-grecia\/"]}]},{"@type":"ImageObject","inLanguage":"es","@id":"https:\/\/www.elraco.com\/es\/aceitunas-kalamata-las-perlas-negras-de-grecia\/#primaryimage","url":"https:\/\/www.elraco.com\/wp-content\/uploads\/2017\/06\/kalamata.jpg","contentUrl":"https:\/\/www.elraco.com\/wp-content\/uploads\/2017\/06\/kalamata.jpg","width":1006,"height":864},{"@type":"WebSite","@id":"https:\/\/www.elraco.com\/#website","url":"https:\/\/www.elraco.com\/","name":"El Rac\u00f3","description":"","potentialAction":[{"@type":"SearchAction","target":{"@type":"EntryPoint","urlTemplate":"https:\/\/www.elraco.com\/?s={search_term_string}"},"query-input":{"@type":"PropertyValueSpecification","valueRequired":true,"valueName":"search_term_string"}}],"inLanguage":"es"},{"@type":"Person","@id":"https:\/\/www.elraco.com\/#\/schema\/person\/be7c99ee4a9bfe842e19c47ff90fb3ce","name":"El Rac\u00f3","image":{"@type":"ImageObject","inLanguage":"es","@id":"https:\/\/www.elraco.com\/#\/schema\/person\/image\/","url":"https:\/\/secure.gravatar.com\/avatar\/1176cd7e0a6dea792a53619725ab1e518ab449441b6332b18f0cc3caf7820417?s=96&d=mm&r=g","contentUrl":"https:\/\/secure.gravatar.com\/avatar\/1176cd7e0a6dea792a53619725ab1e518ab449441b6332b18f0cc3caf7820417?s=96&d=mm&r=g","caption":"El Rac\u00f3"},"url":"https:\/\/www.elraco.com\/es\/author\/informatica\/"}]}},"_links":{"self":[{"href":"https:\/\/www.elraco.com\/es\/wp-json\/wp\/v2\/posts\/6727","targetHints":{"allow":["GET"]}}],"collection":[{"href":"https:\/\/www.elraco.com\/es\/wp-json\/wp\/v2\/posts"}],"about":[{"href":"https:\/\/www.elraco.com\/es\/wp-json\/wp\/v2\/types\/post"}],"author":[{"embeddable":true,"href":"https:\/\/www.elraco.com\/es\/wp-json\/wp\/v2\/users\/5"}],"replies":[{"embeddable":true,"href":"https:\/\/www.elraco.com\/es\/wp-json\/wp\/v2\/comments?post=6727"}],"version-history":[{"count":0,"href":"https:\/\/www.elraco.com\/es\/wp-json\/wp\/v2\/posts\/6727\/revisions"}],"wp:featuredmedia":[{"embeddable":true,"href":"https:\/\/www.elraco.com\/es\/wp-json\/wp\/v2\/media\/5419"}],"wp:attachment":[{"href":"https:\/\/www.elraco.com\/es\/wp-json\/wp\/v2\/media?parent=6727"}],"wp:term":[{"taxonomy":"category","embeddable":true,"href":"https:\/\/www.elraco.com\/es\/wp-json\/wp\/v2\/categories?post=6727"},{"taxonomy":"post_tag","embeddable":true,"href":"https:\/\/www.elraco.com\/es\/wp-json\/wp\/v2\/tags?post=6727"}],"curies":[{"name":"wp","href":"https:\/\/api.w.org\/{rel}","templated":true}]}}