{"id":6725,"date":"2017-12-13T14:13:02","date_gmt":"2017-12-13T12:13:02","guid":{"rendered":"http:\/\/www.elraco.com\/manzana-de-girona-nuestro-pecado-original\/"},"modified":"2017-12-13T14:13:02","modified_gmt":"2017-12-13T12:13:02","slug":"manzana-de-girona-nuestro-pecado-original","status":"publish","type":"post","link":"https:\/\/www.elraco.com\/es\/manzana-de-girona-nuestro-pecado-original\/","title":{"rendered":"Manzana de Girona, nuestro pecado original"},"content":{"rendered":"<p>Llevar el producto local a la mesa es una cuesti\u00f3n de gusto y de filosof\u00eda. Una apuesta por la calidad y por la valorizaci\u00f3n de nuestro territorio y su gente.<\/p>\n<p>Consumir producto local tiene grandes beneficios para uno mismo y para el entorno. Los alimentos frescos que se han producido en proximidad conservan mejor el sabor y las propiedades nutritivas cuando llegan a nuestro plato, pues no han tenido que recorrer grandes distancias. Adem\u00e1s, su huella ecol\u00f3gica sobre el planeta es mucho menor a la de un producto importado, porque el consumo de carburante de su transporte es menor y, por tanto, se reducen las emisiones de CO<sub>2 <\/sub>a la atm\u00f3sfera. Por eso, cada vez son m\u00e1s las personas que apuestan por llenar la cesta de la compra con producto local y que esperan tambi\u00e9n encontrarlo en su restaurante favorito.<\/p>\n<p>Nuestra tierra nos brinda una gran variedad de productos de calidad, y no podemos desaprovecharlos. En El Rac\u00f3 lo tenemos claro y, por eso, en nuestra carta los productos locales tienen un gran protagonismo. Como buenos gerundenses, nos sentimos orgullosos de llevar a la mesa de tantos comensales la manzana de Girona, un producto con indicaci\u00f3n geogr\u00e1fica protegida.<\/p>\n<p>El trabajo de unos campesinos que aman la tierra por tradici\u00f3n familiar y el clima privilegiado por la proximidad al Mediterr\u00e1neo y a los Pirineos, con temperaturas suaves y una humedad elevada, han dado como resultado una manzana de color perfecto y sabor dulce que cautiva miradas y satisface los paladares de aquellos que sucumben al fruto del pecado original. Las variedades que encontramos en el campo de Girona son Golden, Red Delicious, Royal Gala y Granny Smith.<\/p>\n<p>La manzana es un ingrediente empleado en numerosas recetas, desde ensaladas hasta reposter\u00eda, pasando por las compotas que acompa\u00f1an algunos platos de carne. En El Rac\u00f3 la encontrar\u00e1s al natural, con sus vitaminas intactas y baja en calor\u00edas, para que puedas rematar una buena comida de una manera deliciosa y, al mismo tiempo, saludable.<\/p>\n","protected":false},"excerpt":{"rendered":"<p>Llevar el producto local a la mesa es una cuesti\u00f3n de gusto y de filosof\u00eda. Una apuesta por la calidad y por la valorizaci\u00f3n de nuestro territorio y su gente. Consumir producto local tiene grandes beneficios para uno mismo y para el entorno. Los alimentos frescos que se han producido en proximidad conservan mejor el&hellip;<\/p>\n","protected":false},"author":5,"featured_media":5411,"comment_status":"closed","ping_status":"closed","sticky":false,"template":"","format":"standard","meta":{"footnotes":""},"categories":[112],"tags":[],"class_list":["post-6725","post","type-post","status-publish","format-standard","has-post-thumbnail","hentry","category-comida","category-112","description-off"],"yoast_head":"<!-- This site is optimized with the Yoast SEO plugin v27.0 - https:\/\/yoast.com\/product\/yoast-seo-wordpress\/ -->\n<title>Manzana de Girona, nuestro pecado original - El Rac\u00f3<\/title>\n<meta name=\"robots\" content=\"index, follow, max-snippet:-1, max-image-preview:large, max-video-preview:-1\" \/>\n<link rel=\"canonical\" href=\"https:\/\/www.elraco.com\/es\/manzana-de-girona-nuestro-pecado-original\/\" \/>\n<meta property=\"og:locale\" content=\"es_ES\" \/>\n<meta property=\"og:type\" content=\"article\" \/>\n<meta property=\"og:title\" content=\"Manzana de Girona, nuestro pecado original - El Rac\u00f3\" \/>\n<meta property=\"og:description\" content=\"Llevar el producto local a la mesa es una cuesti\u00f3n de gusto y de filosof\u00eda. Una apuesta por la calidad y por la valorizaci\u00f3n de nuestro territorio y su gente. Consumir producto local tiene grandes beneficios para uno mismo y para el entorno. Los alimentos frescos que se han producido en proximidad conservan mejor el&hellip;\" \/>\n<meta property=\"og:url\" content=\"https:\/\/www.elraco.com\/es\/manzana-de-girona-nuestro-pecado-original\/\" \/>\n<meta property=\"og:site_name\" content=\"El Rac\u00f3\" \/>\n<meta property=\"article:published_time\" content=\"2017-12-13T12:13:02+00:00\" \/>\n<meta property=\"og:image\" content=\"https:\/\/www.elraco.com\/wp-content\/uploads\/2017\/06\/Poma-Iogurt-i-sucs.jpg\" \/>\n\t<meta property=\"og:image:width\" content=\"1920\" \/>\n\t<meta property=\"og:image:height\" content=\"1438\" \/>\n\t<meta property=\"og:image:type\" content=\"image\/jpeg\" \/>\n<meta name=\"author\" content=\"El Rac\u00f3\" \/>\n<meta name=\"twitter:label1\" content=\"Escrito por\" \/>\n\t<meta name=\"twitter:data1\" content=\"El Rac\u00f3\" \/>\n\t<meta name=\"twitter:label2\" content=\"Tiempo de lectura\" \/>\n\t<meta name=\"twitter:data2\" content=\"2 minutos\" \/>\n<script type=\"application\/ld+json\" class=\"yoast-schema-graph\">{\"@context\":\"https:\/\/schema.org\",\"@graph\":[{\"@type\":\"Article\",\"@id\":\"https:\/\/www.elraco.com\/es\/manzana-de-girona-nuestro-pecado-original\/#article\",\"isPartOf\":{\"@id\":\"https:\/\/www.elraco.com\/es\/manzana-de-girona-nuestro-pecado-original\/\"},\"author\":{\"name\":\"El Rac\u00f3\",\"@id\":\"https:\/\/www.elraco.com\/#\/schema\/person\/be7c99ee4a9bfe842e19c47ff90fb3ce\"},\"headline\":\"Manzana de Girona, nuestro pecado original\",\"datePublished\":\"2017-12-13T12:13:02+00:00\",\"mainEntityOfPage\":{\"@id\":\"https:\/\/www.elraco.com\/es\/manzana-de-girona-nuestro-pecado-original\/\"},\"wordCount\":352,\"image\":{\"@id\":\"https:\/\/www.elraco.com\/es\/manzana-de-girona-nuestro-pecado-original\/#primaryimage\"},\"thumbnailUrl\":\"https:\/\/www.elraco.com\/wp-content\/uploads\/2017\/06\/Poma-Iogurt-i-sucs.jpg\",\"articleSection\":[\"Comida\"],\"inLanguage\":\"es\"},{\"@type\":\"WebPage\",\"@id\":\"https:\/\/www.elraco.com\/es\/manzana-de-girona-nuestro-pecado-original\/\",\"url\":\"https:\/\/www.elraco.com\/es\/manzana-de-girona-nuestro-pecado-original\/\",\"name\":\"Manzana de Girona, nuestro pecado original - El Rac\u00f3\",\"isPartOf\":{\"@id\":\"https:\/\/www.elraco.com\/#website\"},\"primaryImageOfPage\":{\"@id\":\"https:\/\/www.elraco.com\/es\/manzana-de-girona-nuestro-pecado-original\/#primaryimage\"},\"image\":{\"@id\":\"https:\/\/www.elraco.com\/es\/manzana-de-girona-nuestro-pecado-original\/#primaryimage\"},\"thumbnailUrl\":\"https:\/\/www.elraco.com\/wp-content\/uploads\/2017\/06\/Poma-Iogurt-i-sucs.jpg\",\"datePublished\":\"2017-12-13T12:13:02+00:00\",\"author\":{\"@id\":\"https:\/\/www.elraco.com\/#\/schema\/person\/be7c99ee4a9bfe842e19c47ff90fb3ce\"},\"inLanguage\":\"es\",\"potentialAction\":[{\"@type\":\"ReadAction\",\"target\":[\"https:\/\/www.elraco.com\/es\/manzana-de-girona-nuestro-pecado-original\/\"]}]},{\"@type\":\"ImageObject\",\"inLanguage\":\"es\",\"@id\":\"https:\/\/www.elraco.com\/es\/manzana-de-girona-nuestro-pecado-original\/#primaryimage\",\"url\":\"https:\/\/www.elraco.com\/wp-content\/uploads\/2017\/06\/Poma-Iogurt-i-sucs.jpg\",\"contentUrl\":\"https:\/\/www.elraco.com\/wp-content\/uploads\/2017\/06\/Poma-Iogurt-i-sucs.jpg\",\"width\":1920,\"height\":1438},{\"@type\":\"WebSite\",\"@id\":\"https:\/\/www.elraco.com\/#website\",\"url\":\"https:\/\/www.elraco.com\/\",\"name\":\"El Rac\u00f3\",\"description\":\"\",\"potentialAction\":[{\"@type\":\"SearchAction\",\"target\":{\"@type\":\"EntryPoint\",\"urlTemplate\":\"https:\/\/www.elraco.com\/?s={search_term_string}\"},\"query-input\":{\"@type\":\"PropertyValueSpecification\",\"valueRequired\":true,\"valueName\":\"search_term_string\"}}],\"inLanguage\":\"es\"},{\"@type\":\"Person\",\"@id\":\"https:\/\/www.elraco.com\/#\/schema\/person\/be7c99ee4a9bfe842e19c47ff90fb3ce\",\"name\":\"El Rac\u00f3\",\"image\":{\"@type\":\"ImageObject\",\"inLanguage\":\"es\",\"@id\":\"https:\/\/www.elraco.com\/#\/schema\/person\/image\/\",\"url\":\"https:\/\/secure.gravatar.com\/avatar\/1176cd7e0a6dea792a53619725ab1e518ab449441b6332b18f0cc3caf7820417?s=96&d=mm&r=g\",\"contentUrl\":\"https:\/\/secure.gravatar.com\/avatar\/1176cd7e0a6dea792a53619725ab1e518ab449441b6332b18f0cc3caf7820417?s=96&d=mm&r=g\",\"caption\":\"El Rac\u00f3\"},\"url\":\"https:\/\/www.elraco.com\/es\/author\/informatica\/\"}]}<\/script>\n<!-- \/ Yoast SEO plugin. -->","yoast_head_json":{"title":"Manzana de Girona, nuestro pecado original - El Rac\u00f3","robots":{"index":"index","follow":"follow","max-snippet":"max-snippet:-1","max-image-preview":"max-image-preview:large","max-video-preview":"max-video-preview:-1"},"canonical":"https:\/\/www.elraco.com\/es\/manzana-de-girona-nuestro-pecado-original\/","og_locale":"es_ES","og_type":"article","og_title":"Manzana de Girona, nuestro pecado original - El Rac\u00f3","og_description":"Llevar el producto local a la mesa es una cuesti\u00f3n de gusto y de filosof\u00eda. Una apuesta por la calidad y por la valorizaci\u00f3n de nuestro territorio y su gente. Consumir producto local tiene grandes beneficios para uno mismo y para el entorno. Los alimentos frescos que se han producido en proximidad conservan mejor el&hellip;","og_url":"https:\/\/www.elraco.com\/es\/manzana-de-girona-nuestro-pecado-original\/","og_site_name":"El Rac\u00f3","article_published_time":"2017-12-13T12:13:02+00:00","og_image":[{"width":1920,"height":1438,"url":"https:\/\/www.elraco.com\/wp-content\/uploads\/2017\/06\/Poma-Iogurt-i-sucs.jpg","type":"image\/jpeg"}],"author":"El Rac\u00f3","twitter_misc":{"Escrito por":"El Rac\u00f3","Tiempo de lectura":"2 minutos"},"schema":{"@context":"https:\/\/schema.org","@graph":[{"@type":"Article","@id":"https:\/\/www.elraco.com\/es\/manzana-de-girona-nuestro-pecado-original\/#article","isPartOf":{"@id":"https:\/\/www.elraco.com\/es\/manzana-de-girona-nuestro-pecado-original\/"},"author":{"name":"El Rac\u00f3","@id":"https:\/\/www.elraco.com\/#\/schema\/person\/be7c99ee4a9bfe842e19c47ff90fb3ce"},"headline":"Manzana de Girona, nuestro pecado original","datePublished":"2017-12-13T12:13:02+00:00","mainEntityOfPage":{"@id":"https:\/\/www.elraco.com\/es\/manzana-de-girona-nuestro-pecado-original\/"},"wordCount":352,"image":{"@id":"https:\/\/www.elraco.com\/es\/manzana-de-girona-nuestro-pecado-original\/#primaryimage"},"thumbnailUrl":"https:\/\/www.elraco.com\/wp-content\/uploads\/2017\/06\/Poma-Iogurt-i-sucs.jpg","articleSection":["Comida"],"inLanguage":"es"},{"@type":"WebPage","@id":"https:\/\/www.elraco.com\/es\/manzana-de-girona-nuestro-pecado-original\/","url":"https:\/\/www.elraco.com\/es\/manzana-de-girona-nuestro-pecado-original\/","name":"Manzana de Girona, nuestro pecado original - El Rac\u00f3","isPartOf":{"@id":"https:\/\/www.elraco.com\/#website"},"primaryImageOfPage":{"@id":"https:\/\/www.elraco.com\/es\/manzana-de-girona-nuestro-pecado-original\/#primaryimage"},"image":{"@id":"https:\/\/www.elraco.com\/es\/manzana-de-girona-nuestro-pecado-original\/#primaryimage"},"thumbnailUrl":"https:\/\/www.elraco.com\/wp-content\/uploads\/2017\/06\/Poma-Iogurt-i-sucs.jpg","datePublished":"2017-12-13T12:13:02+00:00","author":{"@id":"https:\/\/www.elraco.com\/#\/schema\/person\/be7c99ee4a9bfe842e19c47ff90fb3ce"},"inLanguage":"es","potentialAction":[{"@type":"ReadAction","target":["https:\/\/www.elraco.com\/es\/manzana-de-girona-nuestro-pecado-original\/"]}]},{"@type":"ImageObject","inLanguage":"es","@id":"https:\/\/www.elraco.com\/es\/manzana-de-girona-nuestro-pecado-original\/#primaryimage","url":"https:\/\/www.elraco.com\/wp-content\/uploads\/2017\/06\/Poma-Iogurt-i-sucs.jpg","contentUrl":"https:\/\/www.elraco.com\/wp-content\/uploads\/2017\/06\/Poma-Iogurt-i-sucs.jpg","width":1920,"height":1438},{"@type":"WebSite","@id":"https:\/\/www.elraco.com\/#website","url":"https:\/\/www.elraco.com\/","name":"El Rac\u00f3","description":"","potentialAction":[{"@type":"SearchAction","target":{"@type":"EntryPoint","urlTemplate":"https:\/\/www.elraco.com\/?s={search_term_string}"},"query-input":{"@type":"PropertyValueSpecification","valueRequired":true,"valueName":"search_term_string"}}],"inLanguage":"es"},{"@type":"Person","@id":"https:\/\/www.elraco.com\/#\/schema\/person\/be7c99ee4a9bfe842e19c47ff90fb3ce","name":"El Rac\u00f3","image":{"@type":"ImageObject","inLanguage":"es","@id":"https:\/\/www.elraco.com\/#\/schema\/person\/image\/","url":"https:\/\/secure.gravatar.com\/avatar\/1176cd7e0a6dea792a53619725ab1e518ab449441b6332b18f0cc3caf7820417?s=96&d=mm&r=g","contentUrl":"https:\/\/secure.gravatar.com\/avatar\/1176cd7e0a6dea792a53619725ab1e518ab449441b6332b18f0cc3caf7820417?s=96&d=mm&r=g","caption":"El Rac\u00f3"},"url":"https:\/\/www.elraco.com\/es\/author\/informatica\/"}]}},"_links":{"self":[{"href":"https:\/\/www.elraco.com\/es\/wp-json\/wp\/v2\/posts\/6725","targetHints":{"allow":["GET"]}}],"collection":[{"href":"https:\/\/www.elraco.com\/es\/wp-json\/wp\/v2\/posts"}],"about":[{"href":"https:\/\/www.elraco.com\/es\/wp-json\/wp\/v2\/types\/post"}],"author":[{"embeddable":true,"href":"https:\/\/www.elraco.com\/es\/wp-json\/wp\/v2\/users\/5"}],"replies":[{"embeddable":true,"href":"https:\/\/www.elraco.com\/es\/wp-json\/wp\/v2\/comments?post=6725"}],"version-history":[{"count":0,"href":"https:\/\/www.elraco.com\/es\/wp-json\/wp\/v2\/posts\/6725\/revisions"}],"wp:featuredmedia":[{"embeddable":true,"href":"https:\/\/www.elraco.com\/es\/wp-json\/wp\/v2\/media\/5411"}],"wp:attachment":[{"href":"https:\/\/www.elraco.com\/es\/wp-json\/wp\/v2\/media?parent=6725"}],"wp:term":[{"taxonomy":"category","embeddable":true,"href":"https:\/\/www.elraco.com\/es\/wp-json\/wp\/v2\/categories?post=6725"},{"taxonomy":"post_tag","embeddable":true,"href":"https:\/\/www.elraco.com\/es\/wp-json\/wp\/v2\/tags?post=6725"}],"curies":[{"name":"wp","href":"https:\/\/api.w.org\/{rel}","templated":true}]}}